{"id":7658,"date":"2024-07-09T15:30:45","date_gmt":"2024-07-09T12:30:45","guid":{"rendered":"https:\/\/europeforum.fi\/2025-ar-odesaret-for-europa-och-finland-fore-detta-statsminister-paavo-lipponen-pa-europaforum-den-28-augusti"},"modified":"2024-07-16T16:03:59","modified_gmt":"2024-07-16T13:03:59","slug":"2025-ar-odesaret-for-europa-och-finland-fore-detta-statsminister-paavo-lipponen-pa-europaforum-den-28-augusti","status":"publish","type":"post","link":"https:\/\/europeforum.fi\/sv\/blog\/2024\/07\/09\/2025-ar-odesaret-for-europa-och-finland-fore-detta-statsminister-paavo-lipponen-pa-europaforum-den-28-augusti\/","title":{"rendered":"&#8220;2025 \u00e4r \u00f6des\u00e5ret f\u00f6r Europa och Finland&#8221; &#8211; F\u00f6re detta statsminister Paavo Lipponen p\u00e5 Europaforum den 28 augusti"},"content":{"rendered":"<p><b>En stor p\u00e5verkare inom finl\u00e4ndsk och europeisk politik, f\u00f6re detta statsminister Paavo Lipponen, kommer till Europaforum onsdagen den 28 augusti. I \u00c5bo delar Lipponen med sig av sina synpunkter om Europas och Finlands framtid. Han anser att \u00e5ret 2025 \u00e4r en betydande v\u00e4ndpunkt, ett slags \u00f6des\u00e5r f\u00f6r Europa.<\/b><\/p>\n<p><span style=\"font-weight: 400;\">Lipponen styrde Finlands regering under de f\u00f6rsta \u00e5tta \u00e5ren av EU-medlemskap och ledde hela EU-r\u00e5dets arbete 1999.<\/span><\/p>\n<p><span style=\"font-weight: 400;\">Lipponen kommer att intervjuas av tidigare generaldirekt\u00f6r <\/span><b>Reijo Kemppinen<\/b><span style=\"font-weight: 400;\">, som l\u00e4nge har innehaft ledande positioner i olika EU-institutioner. Evenemanget lovar att bli ett aktuellt och expertm\u00e4ssigt tillf\u00e4lle d\u00e4r deltagarna f\u00e5r h\u00f6ra Lipponens tankar om de kommande utmaningarna och hur Europa och Finland b\u00f6r f\u00f6rbereda sig f\u00f6r att m\u00f6ta dem.<br \/>\n<\/span><\/p>\n<h2>Delta p\u00e5 plats eller p\u00e5 webben<\/h2>\n<p><span style=\"font-weight: 400;\">Europaforum \u00e4r Finlands flaggskeppsevenemang f\u00f6r europeisk politisk diskussion, som samlar m\u00e5nga politiker, opinionsbildare och experter. I \u00e5r h\u00e5lls evenemanget den 28-30 augusti i \u00c5bo Stadsteater. Du kan anm\u00e4la dig till evenemanget fr\u00e5n och med den 14 augusti p\u00e5<\/span> <a href=\"https:\/\/europeforum.fi\/sv\"><span style=\"font-weight: 400;\">www.europeforum.fi<\/span><\/a><span style=\"font-weight: 400;\"><a href=\"https:\/\/europeforum.fi\/sv\">.<\/a> Evenemangets diskussioner kan ocks\u00e5 f\u00f6ljas live online.<\/span><\/p>\n","protected":false},"excerpt":{"rendered":"<p>En stor p\u00e5verkare inom finl\u00e4ndsk och europeisk politik, f\u00f6re detta statsminister Paavo Lipponen, kommer till Europaforum onsdagen den 28 augusti. I \u00c5bo delar Lipponen med sig av sina synpunkter om&#8230;<\/p>\n","protected":false},"author":3,"featured_media":7654,"comment_status":"closed","ping_status":"open","sticky":false,"template":"","format":"standard","meta":{"footnotes":""},"categories":[67],"tags":[],"class_list":{"0":"post-7658","1":"post","2":"type-post","3":"status-publish","4":"format-standard","5":"has-post-thumbnail","7":"category-aktuell"},"_links":{"self":[{"href":"https:\/\/europeforum.fi\/sv\/wp-json\/wp\/v2\/posts\/7658","targetHints":{"allow":["GET"]}}],"collection":[{"href":"https:\/\/europeforum.fi\/sv\/wp-json\/wp\/v2\/posts"}],"about":[{"href":"https:\/\/europeforum.fi\/sv\/wp-json\/wp\/v2\/types\/post"}],"author":[{"embeddable":true,"href":"https:\/\/europeforum.fi\/sv\/wp-json\/wp\/v2\/users\/3"}],"replies":[{"embeddable":true,"href":"https:\/\/europeforum.fi\/sv\/wp-json\/wp\/v2\/comments?post=7658"}],"version-history":[{"count":1,"href":"https:\/\/europeforum.fi\/sv\/wp-json\/wp\/v2\/posts\/7658\/revisions"}],"predecessor-version":[{"id":7748,"href":"https:\/\/europeforum.fi\/sv\/wp-json\/wp\/v2\/posts\/7658\/revisions\/7748"}],"wp:featuredmedia":[{"embeddable":true,"href":"https:\/\/europeforum.fi\/sv\/wp-json\/wp\/v2\/media\/7654"}],"wp:attachment":[{"href":"https:\/\/europeforum.fi\/sv\/wp-json\/wp\/v2\/media?parent=7658"}],"wp:term":[{"taxonomy":"category","embeddable":true,"href":"https:\/\/europeforum.fi\/sv\/wp-json\/wp\/v2\/categories?post=7658"},{"taxonomy":"post_tag","embeddable":true,"href":"https:\/\/europeforum.fi\/sv\/wp-json\/wp\/v2\/tags?post=7658"}],"curies":[{"name":"wp","href":"https:\/\/api.w.org\/{rel}","templated":true}]}}